{"id":57,"count":12,"description":"Ce style de meuble couvre radiateurs fait partie de nos vies. Une fa\u00e7on de penser, de voir et de vivre. C'est pourquoi chez Emoble nous avons d\u00e9velopp\u00e9 une collection de meubles couvre-radiateurs modernes avec ce style tr\u00e8s m\u00e9diterran\u00e9en. Un style cr\u00e9\u00e9 sous la joie de notre peuple, la brise marine et le ciel ensoleill\u00e9. Un style alternatif, urbain, cosmopolite et \u00e0 la fois naturel Envie d'authenticit\u00e9 ?","link":"https:\/\/emoble.es\/fr\/cubreradiadores-modernos-fr\/","name":"Moderne","slug":"cubreradiadores-modernos-fr","taxonomy":"categorias","parent":0,"meta":[],"yoast_head":"<!-- This site is optimized with the Yoast SEO plugin v27.4 - https:\/\/yoast.com\/product\/yoast-seo-wordpress\/ -->\n<title>Moderne archivos - Emoble<\/title>\n<meta name=\"robots\" content=\"index, follow, max-snippet:-1, max-image-preview:large, max-video-preview:-1\" \/>\n<link rel=\"canonical\" href=\"https:\/\/emoble.es\/fr\/cubreradiadores-modernos-fr\/\" \/>\n<meta property=\"og:locale\" content=\"fr_FR\" \/>\n<meta property=\"og:type\" content=\"article\" \/>\n<meta property=\"og:title\" content=\"Moderne archivos - Emoble\" \/>\n<meta property=\"og:description\" content=\"Ce style de meuble couvre radiateurs fait partie de nos vies. Une fa\u00e7on de penser, de voir et de vivre. C&rsquo;est pourquoi chez Emoble nous avons d\u00e9velopp\u00e9 une collection de meubles couvre-radiateurs modernes avec ce style tr\u00e8s m\u00e9diterran\u00e9en. Un style cr\u00e9\u00e9 sous la joie de notre peuple, la brise marine et le ciel ensoleill\u00e9. Un style alternatif, urbain, cosmopolite et \u00e0 la fois naturel Envie d&rsquo;authenticit\u00e9 ?\" \/>\n<meta property=\"og:url\" content=\"https:\/\/emoble.es\/fr\/cubreradiadores-modernos-fr\/\" \/>\n<meta property=\"og:site_name\" content=\"Emoble\" \/>\n<meta name=\"twitter:card\" content=\"summary_large_image\" \/>\n<script type=\"application\/ld+json\" class=\"yoast-schema-graph\">{\"@context\":\"https:\\\/\\\/schema.org\",\"@graph\":[{\"@type\":\"CollectionPage\",\"@id\":\"https:\\\/\\\/emoble.es\\\/fr\\\/cubreradiadores-modernos-fr\\\/\",\"url\":\"https:\\\/\\\/emoble.es\\\/fr\\\/cubreradiadores-modernos-fr\\\/\",\"name\":\"Moderne archivos - Emoble\",\"isPartOf\":{\"@id\":\"https:\\\/\\\/emoble.es\\\/fr\\\/#website\"},\"breadcrumb\":{\"@id\":\"https:\\\/\\\/emoble.es\\\/fr\\\/cubreradiadores-modernos-fr\\\/#breadcrumb\"},\"inLanguage\":\"fr-FR\"},{\"@type\":\"BreadcrumbList\",\"@id\":\"https:\\\/\\\/emoble.es\\\/fr\\\/cubreradiadores-modernos-fr\\\/#breadcrumb\",\"itemListElement\":[{\"@type\":\"ListItem\",\"position\":1,\"name\":\"Portada\",\"item\":\"https:\\\/\\\/emoble.es\\\/fr\\\/couvertures-de-radiateur-personnalisees-en-ligne-emoble-es\\\/\"},{\"@type\":\"ListItem\",\"position\":2,\"name\":\"Moderne\"}]},{\"@type\":\"WebSite\",\"@id\":\"https:\\\/\\\/emoble.es\\\/fr\\\/#website\",\"url\":\"https:\\\/\\\/emoble.es\\\/fr\\\/\",\"name\":\"Emoble\",\"description\":\"Cubreradiadores a medida online - Emoble.es\",\"publisher\":{\"@id\":\"https:\\\/\\\/emoble.es\\\/fr\\\/#organization\"},\"potentialAction\":[{\"@type\":\"SearchAction\",\"target\":{\"@type\":\"EntryPoint\",\"urlTemplate\":\"https:\\\/\\\/emoble.es\\\/fr\\\/?s={search_term_string}\"},\"query-input\":{\"@type\":\"PropertyValueSpecification\",\"valueRequired\":true,\"valueName\":\"search_term_string\"}}],\"inLanguage\":\"fr-FR\"},{\"@type\":\"Organization\",\"@id\":\"https:\\\/\\\/emoble.es\\\/fr\\\/#organization\",\"name\":\"Emoble\",\"url\":\"https:\\\/\\\/emoble.es\\\/fr\\\/\",\"logo\":{\"@type\":\"ImageObject\",\"inLanguage\":\"fr-FR\",\"@id\":\"https:\\\/\\\/emoble.es\\\/fr\\\/#\\\/schema\\\/logo\\\/image\\\/\",\"url\":\"https:\\\/\\\/emoble.es\\\/wp-content\\\/uploads\\\/2022\\\/03\\\/emoble_logo_positivo.svg\",\"contentUrl\":\"https:\\\/\\\/emoble.es\\\/wp-content\\\/uploads\\\/2022\\\/03\\\/emoble_logo_positivo.svg\",\"width\":486,\"height\":186,\"caption\":\"Emoble\"},\"image\":{\"@id\":\"https:\\\/\\\/emoble.es\\\/fr\\\/#\\\/schema\\\/logo\\\/image\\\/\"}}]}<\/script>\n<!-- \/ Yoast SEO plugin. -->","yoast_head_json":{"title":"Moderne archivos - Emoble","robots":{"index":"index","follow":"follow","max-snippet":"max-snippet:-1","max-image-preview":"max-image-preview:large","max-video-preview":"max-video-preview:-1"},"canonical":"https:\/\/emoble.es\/fr\/cubreradiadores-modernos-fr\/","og_locale":"fr_FR","og_type":"article","og_title":"Moderne archivos - Emoble","og_description":"Ce style de meuble couvre radiateurs fait partie de nos vies. Une fa\u00e7on de penser, de voir et de vivre. C&rsquo;est pourquoi chez Emoble nous avons d\u00e9velopp\u00e9 une collection de meubles couvre-radiateurs modernes avec ce style tr\u00e8s m\u00e9diterran\u00e9en. Un style cr\u00e9\u00e9 sous la joie de notre peuple, la brise marine et le ciel ensoleill\u00e9. Un style alternatif, urbain, cosmopolite et \u00e0 la fois naturel Envie d&rsquo;authenticit\u00e9 ?","og_url":"https:\/\/emoble.es\/fr\/cubreradiadores-modernos-fr\/","og_site_name":"Emoble","twitter_card":"summary_large_image","schema":{"@context":"https:\/\/schema.org","@graph":[{"@type":"CollectionPage","@id":"https:\/\/emoble.es\/fr\/cubreradiadores-modernos-fr\/","url":"https:\/\/emoble.es\/fr\/cubreradiadores-modernos-fr\/","name":"Moderne archivos - Emoble","isPartOf":{"@id":"https:\/\/emoble.es\/fr\/#website"},"breadcrumb":{"@id":"https:\/\/emoble.es\/fr\/cubreradiadores-modernos-fr\/#breadcrumb"},"inLanguage":"fr-FR"},{"@type":"BreadcrumbList","@id":"https:\/\/emoble.es\/fr\/cubreradiadores-modernos-fr\/#breadcrumb","itemListElement":[{"@type":"ListItem","position":1,"name":"Portada","item":"https:\/\/emoble.es\/fr\/couvertures-de-radiateur-personnalisees-en-ligne-emoble-es\/"},{"@type":"ListItem","position":2,"name":"Moderne"}]},{"@type":"WebSite","@id":"https:\/\/emoble.es\/fr\/#website","url":"https:\/\/emoble.es\/fr\/","name":"Emoble","description":"Cubreradiadores a medida online - Emoble.es","publisher":{"@id":"https:\/\/emoble.es\/fr\/#organization"},"potentialAction":[{"@type":"SearchAction","target":{"@type":"EntryPoint","urlTemplate":"https:\/\/emoble.es\/fr\/?s={search_term_string}"},"query-input":{"@type":"PropertyValueSpecification","valueRequired":true,"valueName":"search_term_string"}}],"inLanguage":"fr-FR"},{"@type":"Organization","@id":"https:\/\/emoble.es\/fr\/#organization","name":"Emoble","url":"https:\/\/emoble.es\/fr\/","logo":{"@type":"ImageObject","inLanguage":"fr-FR","@id":"https:\/\/emoble.es\/fr\/#\/schema\/logo\/image\/","url":"https:\/\/emoble.es\/wp-content\/uploads\/2022\/03\/emoble_logo_positivo.svg","contentUrl":"https:\/\/emoble.es\/wp-content\/uploads\/2022\/03\/emoble_logo_positivo.svg","width":486,"height":186,"caption":"Emoble"},"image":{"@id":"https:\/\/emoble.es\/fr\/#\/schema\/logo\/image\/"}}]}},"acf":[],"_links":{"self":[{"href":"https:\/\/emoble.es\/fr\/wp-json\/wp\/v2\/categorias\/57","targetHints":{"allow":["GET"]}}],"collection":[{"href":"https:\/\/emoble.es\/fr\/wp-json\/wp\/v2\/categorias"}],"about":[{"href":"https:\/\/emoble.es\/fr\/wp-json\/wp\/v2\/taxonomies\/categorias"}],"wp:post_type":[{"href":"https:\/\/emoble.es\/fr\/wp-json\/wp\/v2\/cubreradiadores?categorias=57"}],"curies":[{"name":"wp","href":"https:\/\/api.w.org\/{rel}","templated":true}]}}