{"id":56,"count":11,"description":"Avec cette collection, nous avons voulu cr\u00e9er des meubles auxiliaires qui s'adaptent aux maisons d'aujourd'hui, o\u00f9 la d\u00e9coration et le bon go\u00fbt pr\u00e9valent. Nos cache-radiateurs sont fabriqu\u00e9s en bois de haute qualit\u00e9 et nous avons une grande vari\u00e9t\u00e9 de finitions diff\u00e9rentes afin que les meubles s'int\u00e8grent parfaitement dans votre maison. Si vous souhaitez demander un devis pour conna\u00eetre le prix d'un cache radiateur, il vous suffit de cliquer sur le bouton demander un devis et en moins de 12 heures vous l'aurez dans votre email.","link":"https:\/\/emoble.es\/fr\/cubreradiadores-diseno-fr\/","name":"Concevoir","slug":"cubreradiadores-diseno-fr","taxonomy":"categorias","parent":0,"meta":[],"yoast_head":"<!-- This site is optimized with the Yoast SEO plugin v27.4 - https:\/\/yoast.com\/product\/yoast-seo-wordpress\/ -->\n<title>Concevoir archivos - Emoble<\/title>\n<meta name=\"robots\" content=\"index, follow, max-snippet:-1, max-image-preview:large, max-video-preview:-1\" \/>\n<link rel=\"canonical\" href=\"https:\/\/emoble.es\/fr\/cubreradiadores-diseno-fr\/\" \/>\n<meta property=\"og:locale\" content=\"fr_FR\" \/>\n<meta property=\"og:type\" content=\"article\" \/>\n<meta property=\"og:title\" content=\"Concevoir archivos - Emoble\" \/>\n<meta property=\"og:description\" content=\"Avec cette collection, nous avons voulu cr\u00e9er des meubles auxiliaires qui s&rsquo;adaptent aux maisons d&rsquo;aujourd&rsquo;hui, o\u00f9 la d\u00e9coration et le bon go\u00fbt pr\u00e9valent. Nos cache-radiateurs sont fabriqu\u00e9s en bois de haute qualit\u00e9 et nous avons une grande vari\u00e9t\u00e9 de finitions diff\u00e9rentes afin que les meubles s&rsquo;int\u00e8grent parfaitement dans votre maison. Si vous souhaitez demander un devis pour conna\u00eetre le prix d&rsquo;un cache radiateur, il vous suffit de cliquer sur le bouton demander un devis et en moins de 12 heures vous l&rsquo;aurez dans votre email.\" \/>\n<meta property=\"og:url\" content=\"https:\/\/emoble.es\/fr\/cubreradiadores-diseno-fr\/\" \/>\n<meta property=\"og:site_name\" content=\"Emoble\" \/>\n<meta name=\"twitter:card\" content=\"summary_large_image\" \/>\n<script type=\"application\/ld+json\" class=\"yoast-schema-graph\">{\"@context\":\"https:\\\/\\\/schema.org\",\"@graph\":[{\"@type\":\"CollectionPage\",\"@id\":\"https:\\\/\\\/emoble.es\\\/fr\\\/cubreradiadores-diseno-fr\\\/\",\"url\":\"https:\\\/\\\/emoble.es\\\/fr\\\/cubreradiadores-diseno-fr\\\/\",\"name\":\"Concevoir archivos - Emoble\",\"isPartOf\":{\"@id\":\"https:\\\/\\\/emoble.es\\\/fr\\\/#website\"},\"breadcrumb\":{\"@id\":\"https:\\\/\\\/emoble.es\\\/fr\\\/cubreradiadores-diseno-fr\\\/#breadcrumb\"},\"inLanguage\":\"fr-FR\"},{\"@type\":\"BreadcrumbList\",\"@id\":\"https:\\\/\\\/emoble.es\\\/fr\\\/cubreradiadores-diseno-fr\\\/#breadcrumb\",\"itemListElement\":[{\"@type\":\"ListItem\",\"position\":1,\"name\":\"Portada\",\"item\":\"https:\\\/\\\/emoble.es\\\/fr\\\/couvertures-de-radiateur-personnalisees-en-ligne-emoble-es\\\/\"},{\"@type\":\"ListItem\",\"position\":2,\"name\":\"Concevoir\"}]},{\"@type\":\"WebSite\",\"@id\":\"https:\\\/\\\/emoble.es\\\/fr\\\/#website\",\"url\":\"https:\\\/\\\/emoble.es\\\/fr\\\/\",\"name\":\"Emoble\",\"description\":\"Cubreradiadores a medida online - Emoble.es\",\"publisher\":{\"@id\":\"https:\\\/\\\/emoble.es\\\/fr\\\/#organization\"},\"potentialAction\":[{\"@type\":\"SearchAction\",\"target\":{\"@type\":\"EntryPoint\",\"urlTemplate\":\"https:\\\/\\\/emoble.es\\\/fr\\\/?s={search_term_string}\"},\"query-input\":{\"@type\":\"PropertyValueSpecification\",\"valueRequired\":true,\"valueName\":\"search_term_string\"}}],\"inLanguage\":\"fr-FR\"},{\"@type\":\"Organization\",\"@id\":\"https:\\\/\\\/emoble.es\\\/fr\\\/#organization\",\"name\":\"Emoble\",\"url\":\"https:\\\/\\\/emoble.es\\\/fr\\\/\",\"logo\":{\"@type\":\"ImageObject\",\"inLanguage\":\"fr-FR\",\"@id\":\"https:\\\/\\\/emoble.es\\\/fr\\\/#\\\/schema\\\/logo\\\/image\\\/\",\"url\":\"https:\\\/\\\/emoble.es\\\/wp-content\\\/uploads\\\/2022\\\/03\\\/emoble_logo_positivo.svg\",\"contentUrl\":\"https:\\\/\\\/emoble.es\\\/wp-content\\\/uploads\\\/2022\\\/03\\\/emoble_logo_positivo.svg\",\"width\":486,\"height\":186,\"caption\":\"Emoble\"},\"image\":{\"@id\":\"https:\\\/\\\/emoble.es\\\/fr\\\/#\\\/schema\\\/logo\\\/image\\\/\"}}]}<\/script>\n<!-- \/ Yoast SEO plugin. -->","yoast_head_json":{"title":"Concevoir archivos - Emoble","robots":{"index":"index","follow":"follow","max-snippet":"max-snippet:-1","max-image-preview":"max-image-preview:large","max-video-preview":"max-video-preview:-1"},"canonical":"https:\/\/emoble.es\/fr\/cubreradiadores-diseno-fr\/","og_locale":"fr_FR","og_type":"article","og_title":"Concevoir archivos - Emoble","og_description":"Avec cette collection, nous avons voulu cr\u00e9er des meubles auxiliaires qui s&rsquo;adaptent aux maisons d&rsquo;aujourd&rsquo;hui, o\u00f9 la d\u00e9coration et le bon go\u00fbt pr\u00e9valent. Nos cache-radiateurs sont fabriqu\u00e9s en bois de haute qualit\u00e9 et nous avons une grande vari\u00e9t\u00e9 de finitions diff\u00e9rentes afin que les meubles s&rsquo;int\u00e8grent parfaitement dans votre maison. Si vous souhaitez demander un devis pour conna\u00eetre le prix d&rsquo;un cache radiateur, il vous suffit de cliquer sur le bouton demander un devis et en moins de 12 heures vous l&rsquo;aurez dans votre email.","og_url":"https:\/\/emoble.es\/fr\/cubreradiadores-diseno-fr\/","og_site_name":"Emoble","twitter_card":"summary_large_image","schema":{"@context":"https:\/\/schema.org","@graph":[{"@type":"CollectionPage","@id":"https:\/\/emoble.es\/fr\/cubreradiadores-diseno-fr\/","url":"https:\/\/emoble.es\/fr\/cubreradiadores-diseno-fr\/","name":"Concevoir archivos - Emoble","isPartOf":{"@id":"https:\/\/emoble.es\/fr\/#website"},"breadcrumb":{"@id":"https:\/\/emoble.es\/fr\/cubreradiadores-diseno-fr\/#breadcrumb"},"inLanguage":"fr-FR"},{"@type":"BreadcrumbList","@id":"https:\/\/emoble.es\/fr\/cubreradiadores-diseno-fr\/#breadcrumb","itemListElement":[{"@type":"ListItem","position":1,"name":"Portada","item":"https:\/\/emoble.es\/fr\/couvertures-de-radiateur-personnalisees-en-ligne-emoble-es\/"},{"@type":"ListItem","position":2,"name":"Concevoir"}]},{"@type":"WebSite","@id":"https:\/\/emoble.es\/fr\/#website","url":"https:\/\/emoble.es\/fr\/","name":"Emoble","description":"Cubreradiadores a medida online - Emoble.es","publisher":{"@id":"https:\/\/emoble.es\/fr\/#organization"},"potentialAction":[{"@type":"SearchAction","target":{"@type":"EntryPoint","urlTemplate":"https:\/\/emoble.es\/fr\/?s={search_term_string}"},"query-input":{"@type":"PropertyValueSpecification","valueRequired":true,"valueName":"search_term_string"}}],"inLanguage":"fr-FR"},{"@type":"Organization","@id":"https:\/\/emoble.es\/fr\/#organization","name":"Emoble","url":"https:\/\/emoble.es\/fr\/","logo":{"@type":"ImageObject","inLanguage":"fr-FR","@id":"https:\/\/emoble.es\/fr\/#\/schema\/logo\/image\/","url":"https:\/\/emoble.es\/wp-content\/uploads\/2022\/03\/emoble_logo_positivo.svg","contentUrl":"https:\/\/emoble.es\/wp-content\/uploads\/2022\/03\/emoble_logo_positivo.svg","width":486,"height":186,"caption":"Emoble"},"image":{"@id":"https:\/\/emoble.es\/fr\/#\/schema\/logo\/image\/"}}]}},"acf":[],"_links":{"self":[{"href":"https:\/\/emoble.es\/fr\/wp-json\/wp\/v2\/categorias\/56","targetHints":{"allow":["GET"]}}],"collection":[{"href":"https:\/\/emoble.es\/fr\/wp-json\/wp\/v2\/categorias"}],"about":[{"href":"https:\/\/emoble.es\/fr\/wp-json\/wp\/v2\/taxonomies\/categorias"}],"wp:post_type":[{"href":"https:\/\/emoble.es\/fr\/wp-json\/wp\/v2\/cubreradiadores?categorias=56"}],"curies":[{"name":"wp","href":"https:\/\/api.w.org\/{rel}","templated":true}]}}