{"id":55,"count":11,"description":"Dans cette collection, nous pr\u00e9sentons le classicisme le plus traditionnel, en conservant de nombreux \u00e9l\u00e9ments du classique d'antan et en les adaptant au pr\u00e9sent. Vous recherchez un couvre-radiateur comme une pi\u00e8ce unique classique, pleine de charme et de personnalit\u00e9, qui donne une touche sp\u00e9ciale \u00e0 votre maison. Une collection de couvre-radiateurs classiques que vous pouvez combiner avec n'importe quel style et pour n'importe quelle pi\u00e8ce. Avec des \u00e9l\u00e9ments de grande utilit\u00e9 pour la maison.","link":"https:\/\/emoble.es\/fr\/cubreradiadores-clasicos-6-fr\/","name":"Classiques","slug":"cubreradiadores-clasicos-6-fr","taxonomy":"categorias","parent":0,"meta":[],"yoast_head":"<!-- This site is optimized with the Yoast SEO plugin v27.4 - https:\/\/yoast.com\/product\/yoast-seo-wordpress\/ -->\n<title>Classiques archivos - Emoble<\/title>\n<meta name=\"robots\" content=\"index, follow, max-snippet:-1, max-image-preview:large, max-video-preview:-1\" \/>\n<link rel=\"canonical\" href=\"https:\/\/emoble.es\/fr\/cubreradiadores-clasicos-6-fr\/\" \/>\n<meta property=\"og:locale\" content=\"fr_FR\" \/>\n<meta property=\"og:type\" content=\"article\" \/>\n<meta property=\"og:title\" content=\"Classiques archivos - Emoble\" \/>\n<meta property=\"og:description\" content=\"Dans cette collection, nous pr\u00e9sentons le classicisme le plus traditionnel, en conservant de nombreux \u00e9l\u00e9ments du classique d&rsquo;antan et en les adaptant au pr\u00e9sent. Vous recherchez un couvre-radiateur comme une pi\u00e8ce unique classique, pleine de charme et de personnalit\u00e9, qui donne une touche sp\u00e9ciale \u00e0 votre maison. Une collection de couvre-radiateurs classiques que vous pouvez combiner avec n&rsquo;importe quel style et pour n&rsquo;importe quelle pi\u00e8ce. Avec des \u00e9l\u00e9ments de grande utilit\u00e9 pour la maison.\" \/>\n<meta property=\"og:url\" content=\"https:\/\/emoble.es\/fr\/cubreradiadores-clasicos-6-fr\/\" \/>\n<meta property=\"og:site_name\" content=\"Emoble\" \/>\n<meta name=\"twitter:card\" content=\"summary_large_image\" \/>\n<script type=\"application\/ld+json\" class=\"yoast-schema-graph\">{\"@context\":\"https:\\\/\\\/schema.org\",\"@graph\":[{\"@type\":\"CollectionPage\",\"@id\":\"https:\\\/\\\/emoble.es\\\/fr\\\/cubreradiadores-clasicos-6-fr\\\/\",\"url\":\"https:\\\/\\\/emoble.es\\\/fr\\\/cubreradiadores-clasicos-6-fr\\\/\",\"name\":\"Classiques archivos - Emoble\",\"isPartOf\":{\"@id\":\"https:\\\/\\\/emoble.es\\\/fr\\\/#website\"},\"breadcrumb\":{\"@id\":\"https:\\\/\\\/emoble.es\\\/fr\\\/cubreradiadores-clasicos-6-fr\\\/#breadcrumb\"},\"inLanguage\":\"fr-FR\"},{\"@type\":\"BreadcrumbList\",\"@id\":\"https:\\\/\\\/emoble.es\\\/fr\\\/cubreradiadores-clasicos-6-fr\\\/#breadcrumb\",\"itemListElement\":[{\"@type\":\"ListItem\",\"position\":1,\"name\":\"Portada\",\"item\":\"https:\\\/\\\/emoble.es\\\/fr\\\/couvertures-de-radiateur-personnalisees-en-ligne-emoble-es\\\/\"},{\"@type\":\"ListItem\",\"position\":2,\"name\":\"Classiques\"}]},{\"@type\":\"WebSite\",\"@id\":\"https:\\\/\\\/emoble.es\\\/fr\\\/#website\",\"url\":\"https:\\\/\\\/emoble.es\\\/fr\\\/\",\"name\":\"Emoble\",\"description\":\"Cubreradiadores a medida online - Emoble.es\",\"publisher\":{\"@id\":\"https:\\\/\\\/emoble.es\\\/fr\\\/#organization\"},\"potentialAction\":[{\"@type\":\"SearchAction\",\"target\":{\"@type\":\"EntryPoint\",\"urlTemplate\":\"https:\\\/\\\/emoble.es\\\/fr\\\/?s={search_term_string}\"},\"query-input\":{\"@type\":\"PropertyValueSpecification\",\"valueRequired\":true,\"valueName\":\"search_term_string\"}}],\"inLanguage\":\"fr-FR\"},{\"@type\":\"Organization\",\"@id\":\"https:\\\/\\\/emoble.es\\\/fr\\\/#organization\",\"name\":\"Emoble\",\"url\":\"https:\\\/\\\/emoble.es\\\/fr\\\/\",\"logo\":{\"@type\":\"ImageObject\",\"inLanguage\":\"fr-FR\",\"@id\":\"https:\\\/\\\/emoble.es\\\/fr\\\/#\\\/schema\\\/logo\\\/image\\\/\",\"url\":\"https:\\\/\\\/emoble.es\\\/wp-content\\\/uploads\\\/2022\\\/03\\\/emoble_logo_positivo.svg\",\"contentUrl\":\"https:\\\/\\\/emoble.es\\\/wp-content\\\/uploads\\\/2022\\\/03\\\/emoble_logo_positivo.svg\",\"width\":486,\"height\":186,\"caption\":\"Emoble\"},\"image\":{\"@id\":\"https:\\\/\\\/emoble.es\\\/fr\\\/#\\\/schema\\\/logo\\\/image\\\/\"}}]}<\/script>\n<!-- \/ Yoast SEO plugin. -->","yoast_head_json":{"title":"Classiques archivos - Emoble","robots":{"index":"index","follow":"follow","max-snippet":"max-snippet:-1","max-image-preview":"max-image-preview:large","max-video-preview":"max-video-preview:-1"},"canonical":"https:\/\/emoble.es\/fr\/cubreradiadores-clasicos-6-fr\/","og_locale":"fr_FR","og_type":"article","og_title":"Classiques archivos - Emoble","og_description":"Dans cette collection, nous pr\u00e9sentons le classicisme le plus traditionnel, en conservant de nombreux \u00e9l\u00e9ments du classique d&rsquo;antan et en les adaptant au pr\u00e9sent. Vous recherchez un couvre-radiateur comme une pi\u00e8ce unique classique, pleine de charme et de personnalit\u00e9, qui donne une touche sp\u00e9ciale \u00e0 votre maison. Une collection de couvre-radiateurs classiques que vous pouvez combiner avec n&rsquo;importe quel style et pour n&rsquo;importe quelle pi\u00e8ce. Avec des \u00e9l\u00e9ments de grande utilit\u00e9 pour la maison.","og_url":"https:\/\/emoble.es\/fr\/cubreradiadores-clasicos-6-fr\/","og_site_name":"Emoble","twitter_card":"summary_large_image","schema":{"@context":"https:\/\/schema.org","@graph":[{"@type":"CollectionPage","@id":"https:\/\/emoble.es\/fr\/cubreradiadores-clasicos-6-fr\/","url":"https:\/\/emoble.es\/fr\/cubreradiadores-clasicos-6-fr\/","name":"Classiques archivos - Emoble","isPartOf":{"@id":"https:\/\/emoble.es\/fr\/#website"},"breadcrumb":{"@id":"https:\/\/emoble.es\/fr\/cubreradiadores-clasicos-6-fr\/#breadcrumb"},"inLanguage":"fr-FR"},{"@type":"BreadcrumbList","@id":"https:\/\/emoble.es\/fr\/cubreradiadores-clasicos-6-fr\/#breadcrumb","itemListElement":[{"@type":"ListItem","position":1,"name":"Portada","item":"https:\/\/emoble.es\/fr\/couvertures-de-radiateur-personnalisees-en-ligne-emoble-es\/"},{"@type":"ListItem","position":2,"name":"Classiques"}]},{"@type":"WebSite","@id":"https:\/\/emoble.es\/fr\/#website","url":"https:\/\/emoble.es\/fr\/","name":"Emoble","description":"Cubreradiadores a medida online - Emoble.es","publisher":{"@id":"https:\/\/emoble.es\/fr\/#organization"},"potentialAction":[{"@type":"SearchAction","target":{"@type":"EntryPoint","urlTemplate":"https:\/\/emoble.es\/fr\/?s={search_term_string}"},"query-input":{"@type":"PropertyValueSpecification","valueRequired":true,"valueName":"search_term_string"}}],"inLanguage":"fr-FR"},{"@type":"Organization","@id":"https:\/\/emoble.es\/fr\/#organization","name":"Emoble","url":"https:\/\/emoble.es\/fr\/","logo":{"@type":"ImageObject","inLanguage":"fr-FR","@id":"https:\/\/emoble.es\/fr\/#\/schema\/logo\/image\/","url":"https:\/\/emoble.es\/wp-content\/uploads\/2022\/03\/emoble_logo_positivo.svg","contentUrl":"https:\/\/emoble.es\/wp-content\/uploads\/2022\/03\/emoble_logo_positivo.svg","width":486,"height":186,"caption":"Emoble"},"image":{"@id":"https:\/\/emoble.es\/fr\/#\/schema\/logo\/image\/"}}]}},"acf":[],"_links":{"self":[{"href":"https:\/\/emoble.es\/fr\/wp-json\/wp\/v2\/categorias\/55","targetHints":{"allow":["GET"]}}],"collection":[{"href":"https:\/\/emoble.es\/fr\/wp-json\/wp\/v2\/categorias"}],"about":[{"href":"https:\/\/emoble.es\/fr\/wp-json\/wp\/v2\/taxonomies\/categorias"}],"wp:post_type":[{"href":"https:\/\/emoble.es\/fr\/wp-json\/wp\/v2\/cubreradiadores?categorias=55"}],"curies":[{"name":"wp","href":"https:\/\/api.w.org\/{rel}","templated":true}]}}